{"id":1293,"date":"2015-06-20T15:51:24","date_gmt":"2015-06-20T13:51:24","guid":{"rendered":"http:\/\/www.agu.ch\/1.0\/?p=1293"},"modified":"2015-09-24T10:51:37","modified_gmt":"2015-09-24T08:51:37","slug":"online-umfrage-unter-schweizer-fahrradfahrenden","status":"publish","type":"post","link":"https:\/\/www.agu.ch\/1.0\/fr\/2015\/06\/online-umfrage-unter-schweizer-fahrradfahrenden\/","title":{"rendered":"Sondage on-line pour des cyclistes suisses"},"content":{"rendered":"<p>Dans le cadre de l\u2019action europ\u00e9enne <a href=\"http:\/\/www.bicycle-helmets.eu\">COST TU1101 \u201eTowards safer bicycling through optimization of bicycle helmets and usage\u201c<\/a> un sondage est men\u00e9 pour examiner les diff\u00e9rences et les similitudes en ce qui concerne le comportement (de la conduite) des cyclistes entre les pays diff\u00e9rents. La Suisse participe \u00e9galement \u00e0 cette \u00e9tude.<\/br><br \/>\nVous avez 18 ans et vous avez conduit le v\u00e9lo pendant le dernier mois? Alors vous \u00eates autoris\u00e9 \u00e0 participer. <strong>S&rsquo;il vous pla\u00eet cliquez <a href=\"http:\/\/survey.qut.edu.au\/f\/184384\/1365\/\">ici<\/a>.<\/strong><\/br><br \/>\nLes premiers r\u00e9sultats du sondage sont pr\u00e9sent\u00e9s \u00e0 l\u2019<a href=\"http:\/\/www.icsc2015.eu\">International Cycling Safety Conference<\/a>, qui aura lieu le 15 et 16 Septembre 2015 \u00e0 Hanovre. <\/p>","protected":false},"excerpt":{"rendered":"<p>Dans le cadre de l\u2019action europ\u00e9enne COST TU1101 \u201eTowards safer bicycling through optimization of bicycle helmets and usage\u201c un sondage est men\u00e9 pour examiner les diff\u00e9rences et les similitudes en ce qui concerne le comportement (de la conduite) des cyclistes&#8230;<\/p>\n","protected":false},"author":1,"featured_media":1315,"comment_status":"closed","ping_status":"closed","sticky":false,"template":"","format":"standard","meta":{"footnotes":""},"categories":[6],"tags":[41,40,39],"class_list":["post-1293","post","type-post","status-publish","format-standard","has-post-thumbnail","hentry","category-aktuelles","tag-cost-tu1101","tag-fahrrad","tag-umfrage"],"_links":{"self":[{"href":"https:\/\/www.agu.ch\/1.0\/fr\/wp-json\/wp\/v2\/posts\/1293","targetHints":{"allow":["GET"]}}],"collection":[{"href":"https:\/\/www.agu.ch\/1.0\/fr\/wp-json\/wp\/v2\/posts"}],"about":[{"href":"https:\/\/www.agu.ch\/1.0\/fr\/wp-json\/wp\/v2\/types\/post"}],"author":[{"embeddable":true,"href":"https:\/\/www.agu.ch\/1.0\/fr\/wp-json\/wp\/v2\/users\/1"}],"replies":[{"embeddable":true,"href":"https:\/\/www.agu.ch\/1.0\/fr\/wp-json\/wp\/v2\/comments?post=1293"}],"version-history":[{"count":18,"href":"https:\/\/www.agu.ch\/1.0\/fr\/wp-json\/wp\/v2\/posts\/1293\/revisions"}],"predecessor-version":[{"id":1316,"href":"https:\/\/www.agu.ch\/1.0\/fr\/wp-json\/wp\/v2\/posts\/1293\/revisions\/1316"}],"wp:featuredmedia":[{"embeddable":true,"href":"https:\/\/www.agu.ch\/1.0\/fr\/wp-json\/wp\/v2\/media\/1315"}],"wp:attachment":[{"href":"https:\/\/www.agu.ch\/1.0\/fr\/wp-json\/wp\/v2\/media?parent=1293"}],"wp:term":[{"taxonomy":"category","embeddable":true,"href":"https:\/\/www.agu.ch\/1.0\/fr\/wp-json\/wp\/v2\/categories?post=1293"},{"taxonomy":"post_tag","embeddable":true,"href":"https:\/\/www.agu.ch\/1.0\/fr\/wp-json\/wp\/v2\/tags?post=1293"}],"curies":[{"name":"wp","href":"https:\/\/api.w.org\/{rel}","templated":true}]}}