{"id":2074,"date":"2026-04-02T11:00:31","date_gmt":"2026-04-02T09:00:31","guid":{"rendered":"https:\/\/www.agu.ch\/1.0\/?p=2074"},"modified":"2026-04-16T11:58:02","modified_gmt":"2026-04-16T09:58:02","slug":"projekt-zu-e-cargo-bikes","status":"publish","type":"post","link":"https:\/\/www.agu.ch\/1.0\/fr\/2026\/04\/projekt-zu-e-cargo-bikes\/","title":{"rendered":"Projet sur les v\u00e9los cargo \u00e9lectriques : 2e partie"},"content":{"rendered":"<p>Les ventes de v\u00e9los cargo \u00e9lectriques ont augment\u00e9 ces derni\u00e8res ann\u00e9es. Dans les grandes villes de la Suisse al\u00e9manique, un peu plus de la moiti\u00e9 des trajets en voiture effectu\u00e9s en ville font moins de 5 km (City Mobility Comparison, 2017). Il est donc envisageable qu\u2019une partie de ces trajets puisse \u00eatre remplac\u00e9e par des v\u00e9los cargo \u00e9lectriques.<\/p>\n<p>Au cours de la premi\u00e8re phase de ce projet (2024\/2025), des questions fondamentales concernant l&rsquo;utilisation des v\u00e9los cargo \u00e9lectriques dans les villes suisses et les probl\u00e8mes de s\u00e9curit\u00e9 potentiels ont \u00e9t\u00e9 examin\u00e9es. Il n&rsquo;existe pas encore de donn\u00e9es fiables sur les accidents impliquant des v\u00e9los cargo \u00e9lectriques en Suisse. Des \u00e9tudes pr\u00e9liminaires ont montr\u00e9 que les points d&rsquo;ancrage des ceintures de s\u00e9curit\u00e9 pour enfants sont souvent inad\u00e9quats. De plus, les dimensions et la dynamique de conduite des v\u00e9los cargo \u00e9lectriques posent des probl\u00e8mes. Les distances de freinage plus longues et la largeur des v\u00e9los, qui laissent moins de marge de man\u0153uvre sur les pistes cyclables \u00e9troites, posent des risques suppl\u00e9mentaires. \u00c0 mesure que le nombre d&rsquo;utilisateurs augmente, on s&rsquo;attend \u00e9galement \u00e0 une augmentation des conflits de circulation, les pi\u00e9tons subissant souvent des blessures plus graves lors de collisions avec des v\u00e9los cargo \u00e9lectriques. Sur la base des recherches existantes, on peut donc conclure qu&rsquo;\u00e0 mesure que les ventes de v\u00e9los cargo \u00e9lectriques augmentent, il faut s&rsquo;attendre \u00e0 des taux d&rsquo;accidents plus \u00e9lev\u00e9s.<\/p>\n<p>Dans cette <a href=\"https:\/\/www.stiftung-praevention.ch\/e-cargo-bike-tp2\/\" target=\"_blank\" rel=\"noopener\">deuxi\u00e8me phase<\/a> qui vient de d\u00e9buter, <a href=\"https:\/\/ww2.unipark.de\/uc\/CargoBike\/\" target=\"_blank\" rel=\"noopener\">des enqu\u00eates sont d&rsquo;abord men\u00e9es aupr\u00e8s des utilisateurs<\/a>. Ces enqu\u00eates s&rsquo;adressent aussi bien aux utilisateurs \u00ab exp\u00e9riment\u00e9s \u00bb qu&rsquo;aux novices et aux personnes int\u00e9ress\u00e9es par l&rsquo;achat. L&rsquo;accent est notamment mis sur la disposition \u00e0 porter un casque et les connaissances en mati\u00e8re de transport s\u00e9curis\u00e9 des enfants.<\/p>\n<p>Dans un deuxi\u00e8me temps, du mat\u00e9riel d&rsquo;information (vid\u00e9os, d\u00e9pliants, etc.) sera \u00e9labor\u00e9. Ce mat\u00e9riel abordera sp\u00e9cifiquement les probl\u00e8mes identifi\u00e9s et sera mis \u00e0 la disposition des utilisateurs sous une forme facilement accessible, afin qu&rsquo;ils puissent se d\u00e9placer \u00e0 tout moment en toute s\u00e9curit\u00e9 et confortablement \u00e0 v\u00e9lo cargo \u00e9lectrique.<\/p>\n<p>Le projet est men\u00e9 en collaboration avec la <a href=\"https:\/\/www.zhaw.ch\/de\/psychologie\/forschung\/human-factors-psychology\/\" target=\"_blank\" rel=\"noopener\">ZHAW<\/a>. Il est soutenu par <a href=\"https:\/\/www.stiftung-praevention.ch\/\" target=\"_blank\" rel=\"noopener\">l&rsquo;<\/a><a href=\"https:\/\/www.stiftung-praevention.ch\/\" target=\"_blank\" rel=\"noopener\">AXA Fondation Pr\u00e9vention<\/a>. Le rapport sur la premi\u00e8re partie est disponible ici :<\/p>\n<p><a href=\"https:\/\/www.stiftung-praevention.ch\/e-cargo-bike\/\" target=\"_blank\" rel=\"noopener\">https:\/\/www.stiftung-praevention.ch\/e-cargo-bike\/<\/a><\/p>\n<p>&nbsp;<\/p>","protected":false},"excerpt":{"rendered":"<p>Les ventes de v\u00e9los cargo \u00e9lectriques ont augment\u00e9 ces derni\u00e8res ann\u00e9es. Dans les grandes villes de la Suisse al\u00e9manique, un peu plus de la moiti\u00e9 des trajets en voiture effectu\u00e9s en ville font moins de 5 km (City Mobility Comparison,&#8230;<\/p>\n","protected":false},"author":1,"featured_media":2077,"comment_status":"closed","ping_status":"closed","sticky":false,"template":"","format":"standard","meta":{"footnotes":""},"categories":[6,1],"tags":[],"class_list":["post-2074","post","type-post","status-publish","format-standard","has-post-thumbnail","hentry","category-aktuelles","category-veranstaltungen"],"_links":{"self":[{"href":"https:\/\/www.agu.ch\/1.0\/fr\/wp-json\/wp\/v2\/posts\/2074","targetHints":{"allow":["GET"]}}],"collection":[{"href":"https:\/\/www.agu.ch\/1.0\/fr\/wp-json\/wp\/v2\/posts"}],"about":[{"href":"https:\/\/www.agu.ch\/1.0\/fr\/wp-json\/wp\/v2\/types\/post"}],"author":[{"embeddable":true,"href":"https:\/\/www.agu.ch\/1.0\/fr\/wp-json\/wp\/v2\/users\/1"}],"replies":[{"embeddable":true,"href":"https:\/\/www.agu.ch\/1.0\/fr\/wp-json\/wp\/v2\/comments?post=2074"}],"version-history":[{"count":14,"href":"https:\/\/www.agu.ch\/1.0\/fr\/wp-json\/wp\/v2\/posts\/2074\/revisions"}],"predecessor-version":[{"id":2204,"href":"https:\/\/www.agu.ch\/1.0\/fr\/wp-json\/wp\/v2\/posts\/2074\/revisions\/2204"}],"wp:featuredmedia":[{"embeddable":true,"href":"https:\/\/www.agu.ch\/1.0\/fr\/wp-json\/wp\/v2\/media\/2077"}],"wp:attachment":[{"href":"https:\/\/www.agu.ch\/1.0\/fr\/wp-json\/wp\/v2\/media?parent=2074"}],"wp:term":[{"taxonomy":"category","embeddable":true,"href":"https:\/\/www.agu.ch\/1.0\/fr\/wp-json\/wp\/v2\/categories?post=2074"},{"taxonomy":"post_tag","embeddable":true,"href":"https:\/\/www.agu.ch\/1.0\/fr\/wp-json\/wp\/v2\/tags?post=2074"}],"curies":[{"name":"wp","href":"https:\/\/api.w.org\/{rel}","templated":true}]}}