{"id":1879,"date":"2021-02-02T12:30:21","date_gmt":"2021-02-02T11:30:21","guid":{"rendered":"http:\/\/www.agu.ch\/1.0\/?p=1879"},"modified":"2021-02-02T12:30:21","modified_gmt":"2021-02-02T11:30:21","slug":"forschungsprojekt-helme-beim-schlitteln","status":"publish","type":"post","link":"https:\/\/www.agu.ch\/1.0\/2021\/02\/forschungsprojekt-helme-beim-schlitteln\/","title":{"rendered":"Forschungsprojekt: Helme beim Schlitteln"},"content":{"rendered":"<p>Die Helmtragequote beim Schlitteln f\u00e4llt um einiges geringer aus als z.B. beim Skifahren. Somit erh\u00f6ht sich das Risiko f\u00fcr schwere Verletzungen im Kopfbereich beim Schlitteln stark. Deswegen versuchen wir nun in einer experimentellen Studie zu kl\u00e4ren, ob sich neben Ski- auch Fahrradhelme f\u00fcrs Schlitteln eignen.<\/p>\n<p><strong>Weitere Ausk\u00fcnfte:<\/strong> <a href=\"http:\/\/www.agu.ch\/1.0\/kontakt#ansprechpartner\">PD Dr. K.-U. Schmitt<\/a><\/p>","protected":false},"excerpt":{"rendered":"<p>Die Helmtragequote beim Schlitteln f\u00e4llt um einiges geringer aus als z.B. beim Skifahren. Somit erh\u00f6ht sich das Risiko f\u00fcr schwere Verletzungen im Kopfbereich beim Schlitteln stark. Deswegen versuchen wir nun in einer experimentellen Studie zu kl\u00e4ren, ob sich neben Ski-&#8230;<\/p>\n","protected":false},"author":1,"featured_media":1883,"comment_status":"closed","ping_status":"closed","sticky":false,"template":"","format":"standard","meta":{"footnotes":""},"categories":[6],"tags":[116,84,112,113,115,19,99,46,114],"class_list":["post-1879","post","type-post","status-publish","format-standard","has-post-thumbnail","hentry","category-aktuelles","tag-fahrradhelm","tag-helm","tag-schlitteln","tag-skifahren","tag-skihelm","tag-trauma","tag-unfall","tag-verletzung","tag-wintersport"],"_links":{"self":[{"href":"https:\/\/www.agu.ch\/1.0\/wp-json\/wp\/v2\/posts\/1879","targetHints":{"allow":["GET"]}}],"collection":[{"href":"https:\/\/www.agu.ch\/1.0\/wp-json\/wp\/v2\/posts"}],"about":[{"href":"https:\/\/www.agu.ch\/1.0\/wp-json\/wp\/v2\/types\/post"}],"author":[{"embeddable":true,"href":"https:\/\/www.agu.ch\/1.0\/wp-json\/wp\/v2\/users\/1"}],"replies":[{"embeddable":true,"href":"https:\/\/www.agu.ch\/1.0\/wp-json\/wp\/v2\/comments?post=1879"}],"version-history":[{"count":4,"href":"https:\/\/www.agu.ch\/1.0\/wp-json\/wp\/v2\/posts\/1879\/revisions"}],"predecessor-version":[{"id":1885,"href":"https:\/\/www.agu.ch\/1.0\/wp-json\/wp\/v2\/posts\/1879\/revisions\/1885"}],"wp:featuredmedia":[{"embeddable":true,"href":"https:\/\/www.agu.ch\/1.0\/wp-json\/wp\/v2\/media\/1883"}],"wp:attachment":[{"href":"https:\/\/www.agu.ch\/1.0\/wp-json\/wp\/v2\/media?parent=1879"}],"wp:term":[{"taxonomy":"category","embeddable":true,"href":"https:\/\/www.agu.ch\/1.0\/wp-json\/wp\/v2\/categories?post=1879"},{"taxonomy":"post_tag","embeddable":true,"href":"https:\/\/www.agu.ch\/1.0\/wp-json\/wp\/v2\/tags?post=1879"}],"curies":[{"name":"wp","href":"https:\/\/api.w.org\/{rel}","templated":true}]}}