{"id":1904,"date":"2021-09-29T10:27:18","date_gmt":"2021-09-29T08:27:18","guid":{"rendered":"http:\/\/www.agu.ch\/1.0\/?p=1904"},"modified":"2021-09-29T10:30:01","modified_gmt":"2021-09-29T08:30:01","slug":"projektabschluss-helme-beim-schlitteln","status":"publish","type":"post","link":"https:\/\/www.agu.ch\/1.0\/2021\/09\/projektabschluss-helme-beim-schlitteln\/","title":{"rendered":"Projektabschluss: Helme beim Schlitteln"},"content":{"rendered":"<p>Das Forschungsprojekt: &#8222;Welche Helme eignen sich zum Schlitteln?&#8220; ist abgeschlossen. Ziel der Untersuchungen war, die Frage nach einem geeignetem Helm f\u00fcrs Schlitteln zu beantworten. Die Ergebnisse des Projekts k\u00f6nnen Sie auf der Website der<a href=\"https:\/\/www.bfu.ch\/de\/services\/bestellen-herunterladen?q=%5B%7B%22key%22:%22filter-department%22,%22values%22:%5B%5D%7D,%7B%22key%22:%22filter-context%22,%22values%22:%5B%5D%7D,%7B%22key%22:%22filter-publication-category%22,%22values%22:%5B%5D%7D,%7B%22key%22:%22filter-publication-language%22,%22values%22:%5B%22DE%22%5D,%22isTabFilter%22:true%7D%5D&amp;sk=0&amp;st=helme\"> bfu<\/a> abrufen.<\/p>\n<p><strong>Weitere Ausk\u00fcnfte: <a href=\"http:\/\/www.agu.ch\/1.0\/2019\/05\/projektabschluss-trendfahrzeuge\/kontakt\/#ansprechpartner\">PD Dr. K.-U. Schmitt<\/a><\/strong><\/p>","protected":false},"excerpt":{"rendered":"<p>Das Forschungsprojekt: &#8222;Welche Helme eignen sich zum Schlitteln?&#8220; ist abgeschlossen. Ziel der Untersuchungen war, die Frage nach einem geeignetem Helm f\u00fcrs Schlitteln zu beantworten. Die Ergebnisse des Projekts k\u00f6nnen Sie auf der Website der bfu abrufen. Weitere Ausk\u00fcnfte: PD Dr&#8230;.<\/p>\n","protected":false},"author":1,"featured_media":1906,"comment_status":"closed","ping_status":"closed","sticky":false,"template":"","format":"standard","meta":{"footnotes":""},"categories":[6],"tags":[116,84,112,113,115,19,99,46,114],"class_list":["post-1904","post","type-post","status-publish","format-standard","has-post-thumbnail","hentry","category-aktuelles","tag-fahrradhelm","tag-helm","tag-schlitteln","tag-skifahren","tag-skihelm","tag-trauma","tag-unfall","tag-verletzung","tag-wintersport"],"_links":{"self":[{"href":"https:\/\/www.agu.ch\/1.0\/wp-json\/wp\/v2\/posts\/1904","targetHints":{"allow":["GET"]}}],"collection":[{"href":"https:\/\/www.agu.ch\/1.0\/wp-json\/wp\/v2\/posts"}],"about":[{"href":"https:\/\/www.agu.ch\/1.0\/wp-json\/wp\/v2\/types\/post"}],"author":[{"embeddable":true,"href":"https:\/\/www.agu.ch\/1.0\/wp-json\/wp\/v2\/users\/1"}],"replies":[{"embeddable":true,"href":"https:\/\/www.agu.ch\/1.0\/wp-json\/wp\/v2\/comments?post=1904"}],"version-history":[{"count":1,"href":"https:\/\/www.agu.ch\/1.0\/wp-json\/wp\/v2\/posts\/1904\/revisions"}],"predecessor-version":[{"id":1905,"href":"https:\/\/www.agu.ch\/1.0\/wp-json\/wp\/v2\/posts\/1904\/revisions\/1905"}],"wp:featuredmedia":[{"embeddable":true,"href":"https:\/\/www.agu.ch\/1.0\/wp-json\/wp\/v2\/media\/1906"}],"wp:attachment":[{"href":"https:\/\/www.agu.ch\/1.0\/wp-json\/wp\/v2\/media?parent=1904"}],"wp:term":[{"taxonomy":"category","embeddable":true,"href":"https:\/\/www.agu.ch\/1.0\/wp-json\/wp\/v2\/categories?post=1904"},{"taxonomy":"post_tag","embeddable":true,"href":"https:\/\/www.agu.ch\/1.0\/wp-json\/wp\/v2\/tags?post=1904"}],"curies":[{"name":"wp","href":"https:\/\/api.w.org\/{rel}","templated":true}]}}