{"id":1918,"date":"2021-11-17T15:03:45","date_gmt":"2021-11-17T14:03:45","guid":{"rendered":"http:\/\/www.agu.ch\/1.0\/?p=1918"},"modified":"2021-12-16T11:01:27","modified_gmt":"2021-12-16T10:01:27","slug":"forschungsprojekt-elektrisch-angetriebene-fahrzeugaehnliche-geraete-e-faeg-im-strassenverkehr","status":"publish","type":"post","link":"https:\/\/www.agu.ch\/1.0\/2021\/11\/forschungsprojekt-elektrisch-angetriebene-fahrzeugaehnliche-geraete-e-faeg-im-strassenverkehr\/","title":{"rendered":"Forschungsprojekt: Elektrisch angetriebene fahrzeug\u00e4hnliche Ger\u00e4te (E-F\u00e4G) im Strassenverkehr"},"content":{"rendered":"<p>Die bestehenden Verkehrsfl\u00e4chen werden immer mehr von E-F\u00e4G (elektrisch angetriebene fahrzeug\u00e4hnliche Ger\u00e4te), wobei vor allem E-Trottinette im Vordergrund stehen, genutzt. Da noch keine eigene Infrastruktur zur Fortbewegung vorhanden ist, m\u00fcssen sich die Fahrer*innen entweder den Radstreifen teilen oder im Mischverkehr mitfahren. Dies scheint vielen nicht zu behagen und weichen deswegen auf das Trottoir aus. Somit entstehen m\u00f6glicherweise Folgen f\u00fcr die Verkehrssicherheit, wie z.B. Konfliktpotential mit Fussg\u00e4nger*innen.<\/p>\n<p>Zusammen mit dem B\u00fcro f\u00fcr Mobilit\u00e4t, dem IRAP, und der ASE AG sollen im folgenden Projekt die verkehrsplanerischen Auswirkungen und zuk\u00fcnftige Anforderungen der E-F\u00e4G untersucht werden. Somit soll gekl\u00e4rt werden, wie E-Trottinette auf den heutigen Verkehrsfl\u00e4chen mit anderen Verkehrsteilnehmer interagieren und was die Folgen f\u00fcr die Verkehrssicherheit sind. Dies erreichen wir durch die Analyse aktueller Literatur, Nutzerbefragungen und Fahrversuche mit E-Trottinette.<\/p>\n<p><strong>Weitere Ausk\u00fcnfte: <a href=\"http:\/\/www.agu.ch\/1.0\/2019\/05\/projektabschluss-trendfahrzeuge\/kontakt\/#ansprechpartner\">PD Dr. K.-U. Schmitt<\/a><\/strong><\/p>","protected":false},"excerpt":{"rendered":"<p>Die bestehenden Verkehrsfl\u00e4chen werden immer mehr von E-F\u00e4G (elektrisch angetriebene fahrzeug\u00e4hnliche Ger\u00e4te), wobei vor allem E-Trottinette im Vordergrund stehen, genutzt. Da noch keine eigene Infrastruktur zur Fortbewegung vorhanden ist, m\u00fcssen sich die Fahrer*innen entweder den Radstreifen teilen oder im Mischverkehr&#8230;<\/p>\n","protected":false},"author":1,"featured_media":1917,"comment_status":"closed","ping_status":"closed","sticky":false,"template":"","format":"standard","meta":{"footnotes":""},"categories":[6],"tags":[],"class_list":["post-1918","post","type-post","status-publish","format-standard","has-post-thumbnail","hentry","category-aktuelles"],"_links":{"self":[{"href":"https:\/\/www.agu.ch\/1.0\/wp-json\/wp\/v2\/posts\/1918","targetHints":{"allow":["GET"]}}],"collection":[{"href":"https:\/\/www.agu.ch\/1.0\/wp-json\/wp\/v2\/posts"}],"about":[{"href":"https:\/\/www.agu.ch\/1.0\/wp-json\/wp\/v2\/types\/post"}],"author":[{"embeddable":true,"href":"https:\/\/www.agu.ch\/1.0\/wp-json\/wp\/v2\/users\/1"}],"replies":[{"embeddable":true,"href":"https:\/\/www.agu.ch\/1.0\/wp-json\/wp\/v2\/comments?post=1918"}],"version-history":[{"count":4,"href":"https:\/\/www.agu.ch\/1.0\/wp-json\/wp\/v2\/posts\/1918\/revisions"}],"predecessor-version":[{"id":1956,"href":"https:\/\/www.agu.ch\/1.0\/wp-json\/wp\/v2\/posts\/1918\/revisions\/1956"}],"wp:featuredmedia":[{"embeddable":true,"href":"https:\/\/www.agu.ch\/1.0\/wp-json\/wp\/v2\/media\/1917"}],"wp:attachment":[{"href":"https:\/\/www.agu.ch\/1.0\/wp-json\/wp\/v2\/media?parent=1918"}],"wp:term":[{"taxonomy":"category","embeddable":true,"href":"https:\/\/www.agu.ch\/1.0\/wp-json\/wp\/v2\/categories?post=1918"},{"taxonomy":"post_tag","embeddable":true,"href":"https:\/\/www.agu.ch\/1.0\/wp-json\/wp\/v2\/tags?post=1918"}],"curies":[{"name":"wp","href":"https:\/\/api.w.org\/{rel}","templated":true}]}}