{"id":2074,"date":"2026-04-02T11:00:31","date_gmt":"2026-04-02T09:00:31","guid":{"rendered":"https:\/\/www.agu.ch\/1.0\/?p=2074"},"modified":"2026-04-16T11:58:02","modified_gmt":"2026-04-16T09:58:02","slug":"projekt-zu-e-cargo-bikes","status":"publish","type":"post","link":"https:\/\/www.agu.ch\/1.0\/2026\/04\/projekt-zu-e-cargo-bikes\/","title":{"rendered":"Projekt zu E-Cargo-Bikes: Teil 2"},"content":{"rendered":"<p>Der Absatz von E-Cargo-Bikes hat in den letzten Jahren zugenommen. In den grossen St\u00e4dten der deutschsprachigen Schweiz sind gut die H\u00e4lfte der Autofahrten innerhalb der Stadt weniger als 5 km lang (St\u00e4dtevergleich Mobilit\u00e4t, 2017). Daher ist vorstellbar, dass einige dieser Fahrten durch E-Cargo-Bikes ersetzt werden.<\/p>\n<p>Im ersten Teil des vorliegenden Projekts (2024\/2025)\u00a0 wurden grundlegende Fragestellungen zur E-Cargo-Bike-Nutzung in Schweizer St\u00e4dten und zu m\u00f6glichen Sicherheitsproblemen untersucht. Belastbare Zahlen zu Unf\u00e4llen mit E-Cargo-Bikes in der Schweiz sind bislang nicht verf\u00fcgbar. Erste Studien haben gezeigt, dass die Verankerungen der Sicherheitsgurte f\u00fcr Kinder oft unzureichend sind. Des Weiteren bestehen Probleme mit den Abmessungen und der Fahrdynamik von E-Cargo-Bikes. L\u00e4ngere Bremswege und die Breite der Bikes, die in engen Velospuren weniger Spielraum f\u00fcr Korrekturen zulassen, stellen weitere Risiken dar. Mit steigenden Nutzerzahlen wird auch eine Zunahme von Verkehrskonflikten erwartet, wobei Zufussgehende bei Kollisionen mit E-Cargo-Bikes h\u00e4ufig schwerer verletzt werden. Ausgehend von der Studienlage l\u00e4sst sich daher schliessen, dass mit steigendem Verkauf von E-Cargo-Bikes mit h\u00f6heren Unfallzahlen zu rechnen ist.<\/p>\n<p>Im nun angelaufenen <a href=\"https:\/\/www.stiftung-praevention.ch\/e-cargo-bike-tp2\/\" target=\"_blank\" rel=\"noopener\">zweiten Teil<\/a> werden zun\u00e4chst <a href=\"https:\/\/ww2.unipark.de\/uc\/CargoBike\/\" target=\"_blank\" rel=\"noopener\">Befragungen von NutzerInnen durchgef\u00fchrt<\/a>. Dabei werden sowohl &#8222;erfahrene&#8220; NutzerInnen als auch Neulinge und Kauf-Interessierte befragt. Im Fokus stehen unter anderem Helmtragebereitschaft und Wissen zum sicheren Kindertransport.<\/p>\n<p>In einem n\u00e4chsten Schritt werden Informationsmaterialen (Videoclips, Flyer etc) erstellt. Darin werden die identifizierten Probleme spezifisch aufgegriffen und den NutzerInnen in leicht zug\u00e4nglicher Form zur Verf\u00fcgung gestellt, damit sie jederzeit sicher und komfortabel auf dem E-Cargo-Bike unterwegs sein k\u00f6nnen.<\/p>\n<p>Das Projekt wird gemeinsam mit der <a href=\"https:\/\/www.zhaw.ch\/de\/psychologie\/forschung\/human-factors-psychology\/\" target=\"_blank\" rel=\"noopener\">ZHAW<\/a> bearbeitet. Es wird durch die <a href=\"https:\/\/www.stiftung-praevention.ch\/\" target=\"_blank\" rel=\"noopener\">AXA Stiftung f\u00fcr Pr\u00e4vention<\/a> gef\u00f6rdert. Der Bericht zu Teil 1 ist hier\u00a0 zuf\u00e4nglich:<\/p>\n<p><a href=\"https:\/\/www.stiftung-praevention.ch\/e-cargo-bike\/\" target=\"_blank\" rel=\"noopener\">https:\/\/www.stiftung-praevention.ch\/e-cargo-bike\/<\/a><\/p>","protected":false},"excerpt":{"rendered":"<p>Der Absatz von E-Cargo-Bikes hat in den letzten Jahren zugenommen. In den grossen St\u00e4dten der deutschsprachigen Schweiz sind gut die H\u00e4lfte der Autofahrten innerhalb der Stadt weniger als 5 km lang (St\u00e4dtevergleich Mobilit\u00e4t, 2017). Daher ist vorstellbar, dass einige dieser&#8230;<\/p>\n","protected":false},"author":1,"featured_media":2077,"comment_status":"closed","ping_status":"closed","sticky":false,"template":"","format":"standard","meta":{"footnotes":""},"categories":[6,1],"tags":[],"class_list":["post-2074","post","type-post","status-publish","format-standard","has-post-thumbnail","hentry","category-aktuelles","category-veranstaltungen"],"_links":{"self":[{"href":"https:\/\/www.agu.ch\/1.0\/wp-json\/wp\/v2\/posts\/2074","targetHints":{"allow":["GET"]}}],"collection":[{"href":"https:\/\/www.agu.ch\/1.0\/wp-json\/wp\/v2\/posts"}],"about":[{"href":"https:\/\/www.agu.ch\/1.0\/wp-json\/wp\/v2\/types\/post"}],"author":[{"embeddable":true,"href":"https:\/\/www.agu.ch\/1.0\/wp-json\/wp\/v2\/users\/1"}],"replies":[{"embeddable":true,"href":"https:\/\/www.agu.ch\/1.0\/wp-json\/wp\/v2\/comments?post=2074"}],"version-history":[{"count":14,"href":"https:\/\/www.agu.ch\/1.0\/wp-json\/wp\/v2\/posts\/2074\/revisions"}],"predecessor-version":[{"id":2204,"href":"https:\/\/www.agu.ch\/1.0\/wp-json\/wp\/v2\/posts\/2074\/revisions\/2204"}],"wp:featuredmedia":[{"embeddable":true,"href":"https:\/\/www.agu.ch\/1.0\/wp-json\/wp\/v2\/media\/2077"}],"wp:attachment":[{"href":"https:\/\/www.agu.ch\/1.0\/wp-json\/wp\/v2\/media?parent=2074"}],"wp:term":[{"taxonomy":"category","embeddable":true,"href":"https:\/\/www.agu.ch\/1.0\/wp-json\/wp\/v2\/categories?post=2074"},{"taxonomy":"post_tag","embeddable":true,"href":"https:\/\/www.agu.ch\/1.0\/wp-json\/wp\/v2\/tags?post=2074"}],"curies":[{"name":"wp","href":"https:\/\/api.w.org\/{rel}","templated":true}]}}